{"id":123,"date":"2016-04-28T16:03:33","date_gmt":"2016-04-28T20:03:33","guid":{"rendered":"http:\/\/aloeroothost.com\/~posttraining\/?p=123&#038;lang=fr"},"modified":"2016-07-06T16:04:40","modified_gmt":"2016-07-06T20:04:40","slug":"jour-de-deuil-national","status":"publish","type":"post","link":"https:\/\/posttraining.ca\/fr\/jour-de-deuil-national\/","title":{"rendered":"Jour de deuil national"},"content":{"rendered":"<p><img loading=\"lazy\" decoding=\"async\" class=\"alignnone size-large wp-image-124\" src=\"http:\/\/posttraining.ca\/wp-content\/uploads\/2016\/07\/dom_card005-1-1024x512.png\" alt=\"dom_card005 (1)\" width=\"600\" height=\"300\" srcset=\"https:\/\/posttraining.ca\/wp-content\/uploads\/2016\/07\/dom_card005-1.png 1024w, https:\/\/posttraining.ca\/wp-content\/uploads\/2016\/07\/dom_card005-1-300x150.png 300w, https:\/\/posttraining.ca\/wp-content\/uploads\/2016\/07\/dom_card005-1-768x384.png 768w, https:\/\/posttraining.ca\/wp-content\/uploads\/2016\/07\/dom_card005-1-150x75.png 150w, https:\/\/posttraining.ca\/wp-content\/uploads\/2016\/07\/dom_card005-1-500x250.png 500w\" sizes=\"auto, (max-width: 600px) 100vw, 600px\" \/><\/p>\n<p>Le Jour de deuil national, c\u00e9l\u00e9br\u00e9 chaque ann\u00e9e au Canada le 28 avril, rend hommage aux personnes qui sont mortes ou qui ont \u00e9t\u00e9 bless\u00e9es, ou qui sont devenues malades en milieu de travail ou par suite d\u2019une trag\u00e9die en milieu de travail.<\/p>\n<p>Le Jour de deuil national n\u2019est pas seulement un jour pour rendre hommage aux personnes qui sont mortes ou qui ont \u00e9t\u00e9 bless\u00e9es par suite d\u2019une trag\u00e9die en milieu de travail, mais est aussi un jour pour renouveler l\u2019engagement \u00e0 am\u00e9liorer la sant\u00e9 et la s\u00e9curit\u00e9 en milieu de travail et \u00e0 pr\u00e9venir les blessures, les maladies et les d\u00e9c\u00e8s.<\/p>\n<p>Pour plus d&rsquo;informations, visitez www.cchst.ca<\/p>\n","protected":false},"excerpt":{"rendered":"<p>Le Jour de deuil national, c\u00e9l\u00e9br\u00e9 chaque ann\u00e9e au Canada le 28 avril, rend hommage aux personnes qui sont mortes ou qui ont \u00e9t\u00e9 bless\u00e9es, ou qui sont devenues malades <a class=\"more-link\" href=\"https:\/\/posttraining.ca\/fr\/jour-de-deuil-national\/\">Continue Reading &rarr;<\/a><\/p>\n","protected":false},"author":2,"featured_media":0,"comment_status":"closed","ping_status":"closed","sticky":false,"template":"","format":"standard","meta":{"jetpack_post_was_ever_published":false,"_jetpack_newsletter_access":"","_jetpack_dont_email_post_to_subs":false,"_jetpack_newsletter_tier_id":0,"_jetpack_memberships_contains_paywalled_content":false,"_jetpack_memberships_contains_paid_content":false,"footnotes":""},"categories":[5],"tags":[],"class_list":["post-123","post","type-post","status-publish","format-standard","hentry","category-nouvelles"],"featured_image_src":"","blog_images":{"medium":"","large":""},"ams_acf":[],"yoast_head":"<!-- This site is optimized with the Yoast SEO plugin v27.5 - https:\/\/yoast.com\/product\/yoast-seo-wordpress\/ -->\n<title>Jour de deuil national - POST Training<\/title>\n<meta name=\"robots\" content=\"index, follow, max-snippet:-1, max-image-preview:large, max-video-preview:-1\" \/>\n<link rel=\"canonical\" href=\"https:\/\/posttraining.ca\/fr\/jour-de-deuil-national\/\" \/>\n<meta property=\"og:locale\" content=\"fr_FR\" \/>\n<meta property=\"og:type\" content=\"article\" \/>\n<meta property=\"og:title\" content=\"Jour de deuil national - POST Training\" \/>\n<meta property=\"og:description\" content=\"Le Jour de deuil national, c\u00e9l\u00e9br\u00e9 chaque ann\u00e9e au Canada le 28 avril, rend hommage aux personnes qui sont mortes ou qui ont \u00e9t\u00e9 bless\u00e9es, ou qui sont devenues malades Continue Reading &rarr;\" \/>\n<meta property=\"og:url\" content=\"https:\/\/posttraining.ca\/fr\/jour-de-deuil-national\/\" \/>\n<meta property=\"og:site_name\" content=\"POST Training\" \/>\n<meta property=\"article:published_time\" content=\"2016-04-28T20:03:33+00:00\" \/>\n<meta property=\"article:modified_time\" content=\"2016-07-06T20:04:40+00:00\" \/>\n<meta property=\"og:image\" content=\"http:\/\/posttraining.ca\/wp-content\/uploads\/2016\/07\/dom_card005-1-1024x512.png\" \/>\n<meta name=\"author\" content=\"POST\" \/>\n<meta name=\"twitter:card\" content=\"summary_large_image\" \/>\n<meta name=\"twitter:label1\" content=\"\u00c9crit par\" \/>\n\t<meta name=\"twitter:data1\" content=\"POST\" \/>\n\t<meta name=\"twitter:label2\" content=\"Dur\u00e9e de lecture estim\u00e9e\" \/>\n\t<meta name=\"twitter:data2\" content=\"1 minute\" \/>\n<script type=\"application\/ld+json\" class=\"yoast-schema-graph\">{\"@context\":\"https:\\\/\\\/schema.org\",\"@graph\":[{\"@type\":\"Article\",\"@id\":\"https:\\\/\\\/posttraining.ca\\\/fr\\\/jour-de-deuil-national\\\/#article\",\"isPartOf\":{\"@id\":\"https:\\\/\\\/posttraining.ca\\\/fr\\\/jour-de-deuil-national\\\/\"},\"author\":{\"name\":\"POST\",\"@id\":\"https:\\\/\\\/posttraining.ca\\\/#\\\/schema\\\/person\\\/73b025808d5b5458f2a95cc8e610402f\"},\"headline\":\"Jour de deuil national\",\"datePublished\":\"2016-04-28T20:03:33+00:00\",\"dateModified\":\"2016-07-06T20:04:40+00:00\",\"mainEntityOfPage\":{\"@id\":\"https:\\\/\\\/posttraining.ca\\\/fr\\\/jour-de-deuil-national\\\/\"},\"wordCount\":128,\"image\":{\"@id\":\"https:\\\/\\\/posttraining.ca\\\/fr\\\/jour-de-deuil-national\\\/#primaryimage\"},\"thumbnailUrl\":\"http:\\\/\\\/posttraining.ca\\\/wp-content\\\/uploads\\\/2016\\\/07\\\/dom_card005-1-1024x512.png\",\"articleSection\":[\"nouvelles\"],\"inLanguage\":\"fr-FR\"},{\"@type\":\"WebPage\",\"@id\":\"https:\\\/\\\/posttraining.ca\\\/fr\\\/jour-de-deuil-national\\\/\",\"url\":\"https:\\\/\\\/posttraining.ca\\\/fr\\\/jour-de-deuil-national\\\/\",\"name\":\"Jour de deuil national - POST Training\",\"isPartOf\":{\"@id\":\"https:\\\/\\\/posttraining.ca\\\/#website\"},\"primaryImageOfPage\":{\"@id\":\"https:\\\/\\\/posttraining.ca\\\/fr\\\/jour-de-deuil-national\\\/#primaryimage\"},\"image\":{\"@id\":\"https:\\\/\\\/posttraining.ca\\\/fr\\\/jour-de-deuil-national\\\/#primaryimage\"},\"thumbnailUrl\":\"http:\\\/\\\/posttraining.ca\\\/wp-content\\\/uploads\\\/2016\\\/07\\\/dom_card005-1-1024x512.png\",\"datePublished\":\"2016-04-28T20:03:33+00:00\",\"dateModified\":\"2016-07-06T20:04:40+00:00\",\"author\":{\"@id\":\"https:\\\/\\\/posttraining.ca\\\/#\\\/schema\\\/person\\\/73b025808d5b5458f2a95cc8e610402f\"},\"breadcrumb\":{\"@id\":\"https:\\\/\\\/posttraining.ca\\\/fr\\\/jour-de-deuil-national\\\/#breadcrumb\"},\"inLanguage\":\"fr-FR\",\"potentialAction\":[{\"@type\":\"ReadAction\",\"target\":[\"https:\\\/\\\/posttraining.ca\\\/fr\\\/jour-de-deuil-national\\\/\"]}]},{\"@type\":\"ImageObject\",\"inLanguage\":\"fr-FR\",\"@id\":\"https:\\\/\\\/posttraining.ca\\\/fr\\\/jour-de-deuil-national\\\/#primaryimage\",\"url\":\"http:\\\/\\\/posttraining.ca\\\/wp-content\\\/uploads\\\/2016\\\/07\\\/dom_card005-1-1024x512.png\",\"contentUrl\":\"http:\\\/\\\/posttraining.ca\\\/wp-content\\\/uploads\\\/2016\\\/07\\\/dom_card005-1-1024x512.png\"},{\"@type\":\"BreadcrumbList\",\"@id\":\"https:\\\/\\\/posttraining.ca\\\/fr\\\/jour-de-deuil-national\\\/#breadcrumb\",\"itemListElement\":[{\"@type\":\"ListItem\",\"position\":1,\"name\":\"Home\",\"item\":\"https:\\\/\\\/posttraining.ca\\\/\"},{\"@type\":\"ListItem\",\"position\":2,\"name\":\"Jour de deuil national\"}]},{\"@type\":\"WebSite\",\"@id\":\"https:\\\/\\\/posttraining.ca\\\/#website\",\"url\":\"https:\\\/\\\/posttraining.ca\\\/\",\"name\":\"POST Training\",\"description\":\"Petroleum Oriented Safety Training\",\"potentialAction\":[{\"@type\":\"SearchAction\",\"target\":{\"@type\":\"EntryPoint\",\"urlTemplate\":\"https:\\\/\\\/posttraining.ca\\\/?s={search_term_string}\"},\"query-input\":{\"@type\":\"PropertyValueSpecification\",\"valueRequired\":true,\"valueName\":\"search_term_string\"}}],\"inLanguage\":\"fr-FR\"},{\"@type\":\"Person\",\"@id\":\"https:\\\/\\\/posttraining.ca\\\/#\\\/schema\\\/person\\\/73b025808d5b5458f2a95cc8e610402f\",\"name\":\"POST\",\"image\":{\"@type\":\"ImageObject\",\"inLanguage\":\"fr-FR\",\"@id\":\"https:\\\/\\\/secure.gravatar.com\\\/avatar\\\/16da075d842bede615ba3aec4b61047446c68d9fd5763269cb32c48be10c50ca?s=96&d=mm&r=g\",\"url\":\"https:\\\/\\\/secure.gravatar.com\\\/avatar\\\/16da075d842bede615ba3aec4b61047446c68d9fd5763269cb32c48be10c50ca?s=96&d=mm&r=g\",\"contentUrl\":\"https:\\\/\\\/secure.gravatar.com\\\/avatar\\\/16da075d842bede615ba3aec4b61047446c68d9fd5763269cb32c48be10c50ca?s=96&d=mm&r=g\",\"caption\":\"POST\"},\"url\":\"https:\\\/\\\/posttraining.ca\\\/fr\\\/author\\\/post\\\/\"}]}<\/script>\n<!-- \/ Yoast SEO plugin. -->","yoast_head_json":{"title":"Jour de deuil national - POST Training","robots":{"index":"index","follow":"follow","max-snippet":"max-snippet:-1","max-image-preview":"max-image-preview:large","max-video-preview":"max-video-preview:-1"},"canonical":"https:\/\/posttraining.ca\/fr\/jour-de-deuil-national\/","og_locale":"fr_FR","og_type":"article","og_title":"Jour de deuil national - POST Training","og_description":"Le Jour de deuil national, c\u00e9l\u00e9br\u00e9 chaque ann\u00e9e au Canada le 28 avril, rend hommage aux personnes qui sont mortes ou qui ont \u00e9t\u00e9 bless\u00e9es, ou qui sont devenues malades Continue Reading &rarr;","og_url":"https:\/\/posttraining.ca\/fr\/jour-de-deuil-national\/","og_site_name":"POST Training","article_published_time":"2016-04-28T20:03:33+00:00","article_modified_time":"2016-07-06T20:04:40+00:00","og_image":[{"url":"http:\/\/posttraining.ca\/wp-content\/uploads\/2016\/07\/dom_card005-1-1024x512.png","type":"","width":"","height":""}],"author":"POST","twitter_card":"summary_large_image","twitter_misc":{"\u00c9crit par":"POST","Dur\u00e9e de lecture estim\u00e9e":"1 minute"},"schema":{"@context":"https:\/\/schema.org","@graph":[{"@type":"Article","@id":"https:\/\/posttraining.ca\/fr\/jour-de-deuil-national\/#article","isPartOf":{"@id":"https:\/\/posttraining.ca\/fr\/jour-de-deuil-national\/"},"author":{"name":"POST","@id":"https:\/\/posttraining.ca\/#\/schema\/person\/73b025808d5b5458f2a95cc8e610402f"},"headline":"Jour de deuil national","datePublished":"2016-04-28T20:03:33+00:00","dateModified":"2016-07-06T20:04:40+00:00","mainEntityOfPage":{"@id":"https:\/\/posttraining.ca\/fr\/jour-de-deuil-national\/"},"wordCount":128,"image":{"@id":"https:\/\/posttraining.ca\/fr\/jour-de-deuil-national\/#primaryimage"},"thumbnailUrl":"http:\/\/posttraining.ca\/wp-content\/uploads\/2016\/07\/dom_card005-1-1024x512.png","articleSection":["nouvelles"],"inLanguage":"fr-FR"},{"@type":"WebPage","@id":"https:\/\/posttraining.ca\/fr\/jour-de-deuil-national\/","url":"https:\/\/posttraining.ca\/fr\/jour-de-deuil-national\/","name":"Jour de deuil national - POST Training","isPartOf":{"@id":"https:\/\/posttraining.ca\/#website"},"primaryImageOfPage":{"@id":"https:\/\/posttraining.ca\/fr\/jour-de-deuil-national\/#primaryimage"},"image":{"@id":"https:\/\/posttraining.ca\/fr\/jour-de-deuil-national\/#primaryimage"},"thumbnailUrl":"http:\/\/posttraining.ca\/wp-content\/uploads\/2016\/07\/dom_card005-1-1024x512.png","datePublished":"2016-04-28T20:03:33+00:00","dateModified":"2016-07-06T20:04:40+00:00","author":{"@id":"https:\/\/posttraining.ca\/#\/schema\/person\/73b025808d5b5458f2a95cc8e610402f"},"breadcrumb":{"@id":"https:\/\/posttraining.ca\/fr\/jour-de-deuil-national\/#breadcrumb"},"inLanguage":"fr-FR","potentialAction":[{"@type":"ReadAction","target":["https:\/\/posttraining.ca\/fr\/jour-de-deuil-national\/"]}]},{"@type":"ImageObject","inLanguage":"fr-FR","@id":"https:\/\/posttraining.ca\/fr\/jour-de-deuil-national\/#primaryimage","url":"http:\/\/posttraining.ca\/wp-content\/uploads\/2016\/07\/dom_card005-1-1024x512.png","contentUrl":"http:\/\/posttraining.ca\/wp-content\/uploads\/2016\/07\/dom_card005-1-1024x512.png"},{"@type":"BreadcrumbList","@id":"https:\/\/posttraining.ca\/fr\/jour-de-deuil-national\/#breadcrumb","itemListElement":[{"@type":"ListItem","position":1,"name":"Home","item":"https:\/\/posttraining.ca\/"},{"@type":"ListItem","position":2,"name":"Jour de deuil national"}]},{"@type":"WebSite","@id":"https:\/\/posttraining.ca\/#website","url":"https:\/\/posttraining.ca\/","name":"POST Training","description":"Petroleum Oriented Safety Training","potentialAction":[{"@type":"SearchAction","target":{"@type":"EntryPoint","urlTemplate":"https:\/\/posttraining.ca\/?s={search_term_string}"},"query-input":{"@type":"PropertyValueSpecification","valueRequired":true,"valueName":"search_term_string"}}],"inLanguage":"fr-FR"},{"@type":"Person","@id":"https:\/\/posttraining.ca\/#\/schema\/person\/73b025808d5b5458f2a95cc8e610402f","name":"POST","image":{"@type":"ImageObject","inLanguage":"fr-FR","@id":"https:\/\/secure.gravatar.com\/avatar\/16da075d842bede615ba3aec4b61047446c68d9fd5763269cb32c48be10c50ca?s=96&d=mm&r=g","url":"https:\/\/secure.gravatar.com\/avatar\/16da075d842bede615ba3aec4b61047446c68d9fd5763269cb32c48be10c50ca?s=96&d=mm&r=g","contentUrl":"https:\/\/secure.gravatar.com\/avatar\/16da075d842bede615ba3aec4b61047446c68d9fd5763269cb32c48be10c50ca?s=96&d=mm&r=g","caption":"POST"},"url":"https:\/\/posttraining.ca\/fr\/author\/post\/"}]}},"jetpack_featured_media_url":"","jetpack_sharing_enabled":true,"jetpack_shortlink":"https:\/\/wp.me\/p90ZUJ-1Z","_links":{"self":[{"href":"https:\/\/posttraining.ca\/fr\/wp-json\/wp\/v2\/posts\/123","targetHints":{"allow":["GET"]}}],"collection":[{"href":"https:\/\/posttraining.ca\/fr\/wp-json\/wp\/v2\/posts"}],"about":[{"href":"https:\/\/posttraining.ca\/fr\/wp-json\/wp\/v2\/types\/post"}],"author":[{"embeddable":true,"href":"https:\/\/posttraining.ca\/fr\/wp-json\/wp\/v2\/users\/2"}],"replies":[{"embeddable":true,"href":"https:\/\/posttraining.ca\/fr\/wp-json\/wp\/v2\/comments?post=123"}],"version-history":[{"count":1,"href":"https:\/\/posttraining.ca\/fr\/wp-json\/wp\/v2\/posts\/123\/revisions"}],"predecessor-version":[{"id":125,"href":"https:\/\/posttraining.ca\/fr\/wp-json\/wp\/v2\/posts\/123\/revisions\/125"}],"wp:attachment":[{"href":"https:\/\/posttraining.ca\/fr\/wp-json\/wp\/v2\/media?parent=123"}],"wp:term":[{"taxonomy":"category","embeddable":true,"href":"https:\/\/posttraining.ca\/fr\/wp-json\/wp\/v2\/categories?post=123"},{"taxonomy":"post_tag","embeddable":true,"href":"https:\/\/posttraining.ca\/fr\/wp-json\/wp\/v2\/tags?post=123"}],"curies":[{"name":"wp","href":"https:\/\/api.w.org\/{rel}","templated":true}]}}